{"id":21465,"date":"2025-11-05T16:22:50","date_gmt":"2025-11-05T16:22:50","guid":{"rendered":"https:\/\/tecnologicoav.com\/site\/?p=21465"},"modified":"2025-12-09T16:12:48","modified_gmt":"2025-12-09T16:12:48","slug":"inauguracion-de-la-plaza-del-estudiante-y-develacion-de-tec-av","status":"publish","type":"post","link":"https:\/\/tecnologicoav.com\/site\/inauguracion-de-la-plaza-del-estudiante-y-develacion-de-tec-av\/","title":{"rendered":"Inauguraci\u00f3n de la Plaza del Estudiante y Develaci\u00f3n de tec-av"},"content":{"rendered":"<p><b>Estimados Profesores y Estudiantes,<\/b><\/p>\n<p>El Tecnol\u00f3gico Am\u00e9rico Vespucio tiene el agrado de invitar a toda nuestra comunidad universitaria a un evento muy especial: la <b>Inauguraci\u00f3n de la Plaza del Estudiante<\/b>.<\/p>\n<p>Este nuevo espacio ha sido creado y dedicado al encuentro, la identidad y el esp\u00edritu de todos los que formamos parte de esta instituci\u00f3n.<\/p>\n<p>Durante este acto simb\u00f3lico, celebraremos el compromiso, la creatividad y la esperanza que nuestros estudiantes representan. Adem\u00e1s, se llevar\u00e1 a cabo la <b>develaci\u00f3n del Busto Heroico del Libertador Padre de la Patria, Sim\u00f3n Bol\u00edvar.<\/b><\/p>\n<p>Ser\u00e1 un momento para agradecer, compartir y seguir construyendo juntos el futuro que so\u00f1amos.<\/p>\n<h3>Detalles del Evento<\/h3>\n<ul>\n<li><b>Fecha:<\/b> Jueves 20 de noviembre de 2025<\/li>\n<li><b>Hora:<\/b> 10:00 a.m.<\/li>\n<li><b>Lugar:<\/b> Tecnol\u00f3gico Am\u00e9rico Vespucio (en el nuevo espacio de la plaza)<\/li>\n<\/ul>\n<p>Contamos con su valiosa presencia para continuar navegando juntos rumbo a la educaci\u00f3n del futuro.<\/p>\n<p>\u00a1No falten!<\/p>\n<p><b>\u00a1BIENVENIDOS A BORDO!<\/b><\/p>\n<p>Atentamente, La Direcci\u00f3n del Tecnol\u00f3gico Am\u00e9rico Vespucio<\/p>\n","protected":false},"excerpt":{"rendered":"<p>Estimados Profesores y Estudiantes, El Tecnol\u00f3gico Am\u00e9rico Vespucio tiene el agrado de invitar a toda nuestra comunidad universitaria a un evento muy especial: la Inauguraci\u00f3n de la Plaza del Estudiante. Este nuevo espacio ha sido creado y dedicado al encuentro, la identidad y el esp\u00edritu de todos los que formamos parte de esta instituci\u00f3n. Durante [&hellip;]<\/p>\n","protected":false},"author":1,"featured_media":21466,"comment_status":"open","ping_status":"open","sticky":false,"template":"","format":"standard","meta":{"inline_featured_image":false,"footnotes":""},"categories":[75,76,77,78],"tags":[],"class_list":["post-21465","post","type-post","status-publish","format-standard","has-post-thumbnail","hentry","category-comunicados","category-para-estudiantes","category-para-profesores","category-para-publico-en-general"],"_links":{"self":[{"href":"https:\/\/tecnologicoav.com\/site\/wp-json\/wp\/v2\/posts\/21465","targetHints":{"allow":["GET"]}}],"collection":[{"href":"https:\/\/tecnologicoav.com\/site\/wp-json\/wp\/v2\/posts"}],"about":[{"href":"https:\/\/tecnologicoav.com\/site\/wp-json\/wp\/v2\/types\/post"}],"author":[{"embeddable":true,"href":"https:\/\/tecnologicoav.com\/site\/wp-json\/wp\/v2\/users\/1"}],"replies":[{"embeddable":true,"href":"https:\/\/tecnologicoav.com\/site\/wp-json\/wp\/v2\/comments?post=21465"}],"version-history":[{"count":2,"href":"https:\/\/tecnologicoav.com\/site\/wp-json\/wp\/v2\/posts\/21465\/revisions"}],"predecessor-version":[{"id":21888,"href":"https:\/\/tecnologicoav.com\/site\/wp-json\/wp\/v2\/posts\/21465\/revisions\/21888"}],"wp:featuredmedia":[{"embeddable":true,"href":"https:\/\/tecnologicoav.com\/site\/wp-json\/wp\/v2\/media\/21466"}],"wp:attachment":[{"href":"https:\/\/tecnologicoav.com\/site\/wp-json\/wp\/v2\/media?parent=21465"}],"wp:term":[{"taxonomy":"category","embeddable":true,"href":"https:\/\/tecnologicoav.com\/site\/wp-json\/wp\/v2\/categories?post=21465"},{"taxonomy":"post_tag","embeddable":true,"href":"https:\/\/tecnologicoav.com\/site\/wp-json\/wp\/v2\/tags?post=21465"}],"curies":[{"name":"wp","href":"https:\/\/api.w.org\/{rel}","templated":true}]}}